{"id":21,"date":"2024-05-06T16:06:08","date_gmt":"2024-05-06T14:06:08","guid":{"rendered":"https:\/\/lepartisan.fr\/index.php\/2024\/05\/06\/la-bardellisation-de-la-vie-politique\/"},"modified":"2024-05-07T11:48:31","modified_gmt":"2024-05-07T09:48:31","slug":"la-bardellisation-de-la-vie-politique","status":"publish","type":"post","link":"https:\/\/lepartisan.fr\/index.php\/2024\/05\/06\/la-bardellisation-de-la-vie-politique\/","title":{"rendered":"La Bardellisation de la vie politique"},"content":{"rendered":"\n<p class=\"has-text-color\" style=\"color: rgb(0, 0, 0)\">\u00c0 28 ans, Jordan Bardella est la nouvelle coqueluche de l&#039;extr\u00eame droite fran\u00e7aise. Le pr\u00e9sident par int\u00e9rim du Rassemblement National (RN) s\u00e9duit une frange de l&#039;\u00e9lectorat populaire par ses formules choc et son verbe haut. &quot;La France revient, l&#039;Europe revit&quot; claironne-t-il depuis des mois sur les estrades. Tee-shirt moulant noir et regard de braise, le jeune loup attire les foules et les cam\u00e9ras.<\/p>\n\n\n<p class=\"has-text-color\" style=\"color: rgb(0, 0, 0)\">Mais \u00e0 y regarder de plus pr\u00e8s, derri\u00e8re la rh\u00e9torique muscl\u00e9e se cache un vide programmatique abyssal. Jordan Bardella semble bien en peine d&#039;exposer une v\u00e9ritable ligne politique structur\u00e9e et coh\u00e9rente. Envol\u00e9es lyriques et postures de valls\u00e9e se substituent \u00e0 un projet de soci\u00e9t\u00e9 digne de ce nom. Reprenant la strat\u00e9gie de son mentor Marine Le Pen, il mise sur une communication travaill\u00e9e pour gommer l&#039;image sulfureuse du RN. Derri\u00e8re cette fa\u00e7ade, se cache une ligne politique aux contours flous, avec de nombreuses volte-face sur des sujets sensibles.<\/p>\n\n\n<p class=\"has-text-color\" style=\"color: rgb(0, 0, 0)\">Sur la question europ\u00e9enne, Bardella incarne cette ambivalence. Alors que le RN milite historiquement pour la sortie de l&#039;UE, le candidat a r\u00e9cemment d\u00e9clar\u00e9 vouloir &quot;refonder&quot; l&#039;Europe, sans pour autant clarifier ses intentions. S\u2019il mart\u00e8le &#039;La France revient, l&#039;Europe revit&#039;, c\u2019est \u00e0 la fois un clin d&#039;\u0153il au &#039;America First&#039; de Trump&quot; et aux positions historiques de groupes comme Occident. Cette position mouvante traduit les tensions internes au parti sur la question europ\u00e9enne. <\/p>\n\n\n<h2 class=\"wp-block-heading\">Un positionnement flou sur les enjeux \u00e9conomiques et sociaux<\/h2>\n\n\n<p class=\"has-text-color\" style=\"color: rgb(0, 0, 0)\">Derri\u00e8re un discours de d\u00e9fense des classes populaires, Jordan Bardella ne remet pas fondamentalement en cause le syst\u00e8me capitaliste et l&#039;id\u00e9ologie du march\u00e9 libre. Ses propositions en mati\u00e8re \u00e9conomique et sociale demeurent d&#039;une insondable vacuit\u00e9. &quot;Comment des agriculteurs peuvent-ils tomber dans le panneau du RN ?&quot; s&#039;interrogeait un agriculteur apr\u00e8s un meeting \u00e0 Marseille.<\/p>\n\n\n<p class=\"has-text-color\" style=\"color: rgb(0, 0, 0)\">Loin de remettre en cause les fondements du n\u00e9olib\u00e9ralisme, le pr\u00e9sident du RN se contente d&#039;effets d&#039;annonces creux et de slogans r\u00e2p\u00e9s sur la &quot;pr\u00e9f\u00e9rence nationale&quot;. Dans les faits, son programme appara\u00eet bien \u00e9loign\u00e9 des int\u00e9r\u00eats des classes populaires et de toute perspective \u00e9mancipatrice. Ce vide id\u00e9ologique interroge sur les v\u00e9ritables intentions du parti d&#039;extr\u00eame droite.<\/p>\n\n\n<p class=\"has-text-color\" style=\"color: rgb(0, 0, 0)\">Au c\u0153ur du verbe bardellaien, la lutte contre l&#039;immigration demeure l&#039;alpha et l&#039;om\u00e9ga de son offre politique r\u00e9actionnaire. &quot;La lutte contre l&#039;immigration reste la boussole de Jordan Bardella&quot; notait \u00e0 juste titre un \u00e9ditorialiste. Le ph\u00e9nom\u00e8ne est d&#039;autant plus criant que le pr\u00e9sident du RN ne cherche pas \u00e0 se d\u00e9marquer des th\u00e8ses les plus radicales et x\u00e9nophobes.<\/p>\n\n\n<p class=\"has-text-color\" style=\"color: rgb(0, 0, 0)\">Loin de prendre ses distances avec l&#039;extr\u00eame droite raciste, Jordan Bardella entretient au contraire des &quot;liens troubles&quot; avec les mouvances les plus haineuses, \u00e0 l&#039;image des groupuscules identitaires violents. Ses prises de position r\u00e9currentes relayant des th\u00e9ories complotistes sur le &quot;grand remplacement&quot; en sont une illustration frappante.<\/p>\n\n\n<p class=\"has-text-color\" style=\"color: rgb(0, 0, 0)\">Bien loin du r\u00e9publicain un temps revendiqu\u00e9, le RN semble ainsi s&#039;inscrire dans la pure tradition du nationalisme ethnique et x\u00e9nophobe. Un positionnement qui confine parfois au r\u00e9visionnisme historique le plus grossier&#8230;<\/p>\n\n\n<h2 class=\"wp-block-heading\">R\u00e9visionnisme historique et complaisance avec l&#039;extr\u00eame droite<\/h2>\n\n\n<p class=\"has-text-color\" style=\"color: rgb(0, 0, 0)\">Au-del\u00e0 du terreau x\u00e9nophobe et raciste sur lequel prosp\u00e8re le RN, c&#039;est bien un parti aux accointances avec les franges les plus radicales de l&#039;extr\u00eame droite qui se d\u00e9voile. Jordan Bardella n&#039;h\u00e9site pas \u00e0 minimiser la p\u00e9riode de collaboration du r\u00e9gime de Vichy avec l&#039;occupant nazi . Un r\u00e9visionnisme historique d&#039;autant plus inacceptable qu&#039;il s&#039;accompagne d&#039;un refus de condamner fermement le n\u00e9gationnisme.<\/p>\n\n\n<p class=\"has-text-color\" style=\"color: rgb(0, 0, 0)\">Lorsqu&#039;il est interrog\u00e9 sur les positions ambigu\u00ebs du parti vis-\u00e0-vis du Kremlin le pr\u00e9sident du RN pr\u00e9f\u00e8re botter en touche plut\u00f4t que de rompre avec cette partie de son \u00e9lectorat aux accointances avec la mouvance n\u00e9o-nazie. Une forme de complaisance coupable qui en dit long sur les v\u00e9ritables intentions du parti.<\/p>\n\n\n<p class=\"has-text-color\" style=\"color: rgb(0, 0, 0)\">Cette duplicit\u00e9 se retrouve \u00e9galement sur les questions de politique \u00e9trang\u00e8re, avec un discours aux accents quasiment anti-imp\u00e9rialistes qui sonne creux quand on conna\u00eet les accointances du RN avec les r\u00e9gimes les plus autoritaires. Les silences de Bardella sur la situation en Tch\u00e9tch\u00e9nie ou au Xinjiang en sont un exemple frappant.<\/p>\n\n\n<p class=\"has-text-color\" style=\"color: rgb(0, 0, 0)\">Cette posture ambivalente est une v\u00e9ritable marque de fabrique. Sur les questions soci\u00e9tales li\u00e9es aux m\u0153urs et \u00e0 la famille, &quot;le jeune pr\u00e9sident du parti fait des efforts pour gommer l&#039;image d&#039;un mouvement homophobe et machiste&quot;, rel\u00e8ve ainsi L&#039;Humanit\u00e9 du 26 f\u00e9vrier. Alors que le RN a longtemps \u00e9t\u00e9 associ\u00e9 \u00e0 un conservatisme moral marqu\u00e9, Bardella s&#039;efforce de v\u00e9hiculer une image plus moderne et inclusive. <\/p>\n\n\n<p class=\"has-text-color\" style=\"color: rgb(0, 0, 0)\">Mais cette volont\u00e9 de &quot;normalisation&quot; cache mal les profondes fractures au sein du RN sur ces sujets. Ainsi, la candidate aux europ\u00e9ennes Marion Mar\u00e9chal a vertement critiqu\u00e9 la strat\u00e9gie de Bardella, l&#039;accusant de &quot;trahir les valeurs traditionnelles de la droite&quot;, comme le rapporte Le Figaro le 12 avril 2024. Un affrontement qui illustre les tiraillements id\u00e9ologiques au sein du mouvement frontiste.<\/p>\n\n\n<h2 class=\"wp-block-heading\">Un \u00e9cologisme de fa\u00e7ade au service du Medef<\/h2>\n\n\n<p class=\"has-text-color\" style=\"color: rgb(0, 0, 0)\">Pour verdir quelque peu son image et s\u00e9duire une frange des urbains ais\u00e9s, Jordan Bardella n&#039;h\u00e9site pas \u00e0 se draper dans un discours \u00e9cologiste de circonstance. Mais derri\u00e8re ce vernis de fa\u00e7ade se cache une r\u00e9alit\u00e9 bien peu engageante. Dans les faits, le programme du RN reste celui d&#039;un capitalisme d\u00e9r\u00e9gul\u00e9 et pollueur, sans remise en cause fondamentale du productivisme.<\/p>\n\n\n<p class=\"has-text-color\" style=\"color: rgb(0, 0, 0)\">Les propositions \u00e9cologiques de Bardella se limitent \u00e0 des demi-mesures cosm\u00e9tiques. Exit la sobri\u00e9t\u00e9 et la relocalisation, le RN continue de d\u00e9fendre les implantations industrielles polluantes . Une imposture de plus pour un parti qui fait fi des enjeux environnementaux majeurs.<\/p>\n\n\n<p class=\"has-text-color\" style=\"color: rgb(0, 0, 0)\">Derri\u00e8re sa langue de bois bien peu engageante sur les questions sociales et environnementales, c&#039;est une v\u00e9ritable d\u00e9rive autoritaire qui se profile. Jordan Bardella a beau se draper dans les habits du &quot;patriotisme r\u00e9publicain&quot;, ses accents s\u00e9curitaires et ses attaques r\u00e9p\u00e9t\u00e9es contre les libert\u00e9s publiques sonnent comme un aveu inqui\u00e9tant.<\/p>\n\n\n<p class=\"has-text-color\" style=\"color: rgb(0, 0, 0)\">Lorsqu&#039;il s&#039;agit de d\u00e9fendre la libert\u00e9 d&#039;expression face aux pouvoirs publics, le pr\u00e9sident du RN fait bien p\u00e2le figure . Il appelle r\u00e9guli\u00e8rement \u00e0 un renforcement des pouvoirs r\u00e9galiens et fait des appels du pied appuy\u00e9s au pr\u00e9sidentialisme fort, n&#039;h\u00e9sitant pas \u00e0 d\u00e9fier ouvertement Emmanuel Macron . Un parti qui se veut rassembleur mais flirte dangereusement avec les tentations du nationalisme autoritaire.<\/p>\n\n\n<h2 class=\"wp-block-heading\">Le Bardellisme infuse<\/h2>\n\n\n<p class=\"has-text-color\" style=\"color: rgb(0, 0, 0)\">Au-del\u00e0 des contradictions id\u00e9ologiques et des accointances troubles, c&#039;est une profonde soif de pouvoir qui semble motiver les agissements de Jordan Bardella. Le contraste entre son discours pour les repr\u00e9sent\u00e9s et son refus de r\u00e9pondre aux questions de la presse est frappant.<\/p>\n\n\n<p class=\"has-text-color\" style=\"color: rgb(0, 0, 0)\">De nombreux d\u00e9crypteurs voient dans cette superficialit\u00e9 le signe d&#039;un manque criant d&#039;expertise et de maitrise des dossiers une lacune r\u00e9currente de la classe politique qui pr\u00e9tend malgr\u00e9 tout incarner une v\u00e9ritable alternative au &quot;syst\u00e8me&quot;.<\/p>\n\n\n<p class=\"has-text-color\" style=\"color: rgb(0, 0, 0)\">Car au fond, l&#039;op\u00e9ration de s\u00e9duction populiste men\u00e9e par Bardella semble avoir pour objectif principal de d\u00e9passer le vieux clivage perdant\/gagnant de la mondialisation . Pour ce faire, il lui faut \u00e0 la fois rassurer les classes moyennes sup\u00e9rieures sur son m\u00e9pris des marges radicales tout en drainant l&#039;\u00e9lectorat populaire m\u00e9content.<\/p>\n\n\n<p class=\"has-text-color\" style=\"color: rgb(0, 0, 0)\">Un double jeu d&#039;\u00e9quilibriste d&#039;autant plus p\u00e9rilleux que sa formation peine \u00e0 d\u00e9finir un projet de soci\u00e9t\u00e9 coh\u00e9rent au-del\u00e0 de l&#039;obsession s\u00e9curitaire et x\u00e9nophobe. \u00c0 trop vouloir singer la strat\u00e9gie du &quot;en m\u00eame temps&quot; macroniste, Jordan Bardella court le risque d&#039;en subir les m\u00eames travers, au prix d&#039;une ind\u00e9niable &quot;d\u00e9diabolisation&quot; de son parti.<\/p>\n\n\n<p class=\"has-text-color\" style=\"color: rgb(0, 0, 0)\">Une dynamique &quot;Bardella-compatible&quot; qui trouve des relais au-del\u00e0 du RN. Un glissement s\u00e9mantique et id\u00e9ologique qui a tout pour inqui\u00e9ter, avec le risque d&#039;une banalisation rampante d&#039;un positionnement d&#039;extr\u00eame droite r\u00e9actionnaire et raciste, pour tenter de courir apr\u00e8s la machine attrape-tout.<\/p>\n\n\n<p class=\"has-text-color\" style=\"color: rgb(0, 0, 0)\">Cette voracit\u00e9 le pousse \u00e0 des revirements \u00e0 180 degr\u00e9s comme ce reniement des fondements sociaux-r\u00e9volutionnaires du FN historique pour s\u00e9duire l&#039;\u00e9lectorat maurrassien de Zemmour. Un cynisme assum\u00e9 pour un parti qui semble pr\u00eat \u00e0 toutes les compromissions id\u00e9ologiques pour acc\u00e9der au pouvoir. Et qui inspire les circonvolutions du jeune Premier ministre issu du PS nomm\u00e9 pour concurrencer Bardella en voltigeant vers des positions d\u2019une droite conservatrice.<\/p>\n\n\n<p class=\"has-text-color\" style=\"color: rgb(0, 0, 0)\">Car c&#039;est bien ce tropisme du &quot;en m\u00eame temps&quot; qui rapproche les deux hommes, au-del\u00e0 des postures antagonistes. Pour s\u00e9duire ce nouvel \u00e9lectorat m\u00e9dian et d\u00e9class\u00e9, Bardella multiplie les effets d&#039;annonces clinquants, oscillant entre rassemblement des classes populaires un jour, appels du pied aux milieux \u00e9conomiques le lendemain.<\/p>\n\n\n<p class=\"has-text-color\" style=\"color: rgb(0, 0, 0)\">Un double jeu d\u00e9magogique qui semble porter ses fruits, \u00e0 en croire la perc\u00e9e du RN dans les sondages pour les europ\u00e9ennes. <\/p>\n\n\n<p class=\"has-text-color\" style=\"color: rgb(0, 0, 0)\">Comme le soulignait Le Monde le 12 f\u00e9vrier, &quot;des centaines de jeunes endimanch\u00e9s scandent &#039;Jordan, Jordan !&#039; &quot; lors des meetings du candidat. Cette capacit\u00e9 \u00e0 mobiliser les foules, notamment sur les r\u00e9seaux sociaux, fait de Bardella un acteur incontournable de la campagne \u00e9lectorale.<\/p>\n\n\n<p class=\"has-text-color\" style=\"color: rgb(0, 0, 0)\">Mais au-del\u00e0 de cette communication l\u00e9ch\u00e9e, la personnalit\u00e9 r\u00e9elle du candidat reste encore assez floue. &quot;On ne sait pas grand-chose de ses convictions profondes, de sa vision politique&quot;, remarque ainsi L&#039;Opinion du 4 mars. Seuls transparaissent quelques \u00e9l\u00e9ments de son parcours, comme ses liens \u00e9troits avec Marine Le Pen ou son engagement de longue date au sein du RN.<\/p>\n\n\n<p class=\"has-text-color\" style=\"color: rgb(0, 0, 0)\">Cette opacit\u00e9 entretenue autour de sa personnalit\u00e9 est sans doute une strat\u00e9gie d\u00e9lib\u00e9r\u00e9e de la part de Bardella, qui cherche \u00e0 se projeter comme un visage nouveau, capable de rassembler au-del\u00e0 des clivages partisans. Avec une mission : atteindre les 30% le 9 juin, ce qui permettrait \u00e0 Marine Le Pen de lancer sa campagne pr\u00e9sidentielle pour 2027. Et au pays de sombrer \u00e0 nouveau. Car si la &quot;bardellisation&quot; de la vie politique venait \u00e0 s&#039;ancrer durablement sous des airs de respectabilit\u00e9, des millions de personnes en paieront le prix.<\/p>\n\n","protected":false},"excerpt":{"rendered":"<p>\u00c0 28 ans, Jordan Bardella est la nouvelle coqueluche de l&#039;extr\u00eame droite fran\u00e7aise. Le pr\u00e9sident par int\u00e9rim du Rassemblement National (RN) s\u00e9duit une frange de l&#039;\u00e9lectorat populaire par ses formules choc et son verbe haut. &quot;La France revient, l&#039;Europe revit&quot; claironne-t-il depuis des mois sur les estrades. Tee-shirt moulant noir et regard de braise, le [&hellip;]<\/p>\n","protected":false},"author":1,"featured_media":0,"comment_status":"open","ping_status":"open","sticky":false,"template":"","format":"standard","meta":{"_et_pb_use_builder":"","_et_pb_old_content":"","_et_gb_content_width":"","footnotes":""},"categories":[1],"tags":[],"class_list":["post-21","post","type-post","status-publish","format-standard","hentry","category-non-classe","et-doesnt-have-format-content","et_post_format-et-post-format-standard"],"_links":{"self":[{"href":"https:\/\/lepartisan.fr\/index.php\/wp-json\/wp\/v2\/posts\/21","targetHints":{"allow":["GET"]}}],"collection":[{"href":"https:\/\/lepartisan.fr\/index.php\/wp-json\/wp\/v2\/posts"}],"about":[{"href":"https:\/\/lepartisan.fr\/index.php\/wp-json\/wp\/v2\/types\/post"}],"author":[{"embeddable":true,"href":"https:\/\/lepartisan.fr\/index.php\/wp-json\/wp\/v2\/users\/1"}],"replies":[{"embeddable":true,"href":"https:\/\/lepartisan.fr\/index.php\/wp-json\/wp\/v2\/comments?post=21"}],"version-history":[{"count":2,"href":"https:\/\/lepartisan.fr\/index.php\/wp-json\/wp\/v2\/posts\/21\/revisions"}],"predecessor-version":[{"id":24,"href":"https:\/\/lepartisan.fr\/index.php\/wp-json\/wp\/v2\/posts\/21\/revisions\/24"}],"wp:attachment":[{"href":"https:\/\/lepartisan.fr\/index.php\/wp-json\/wp\/v2\/media?parent=21"}],"wp:term":[{"taxonomy":"category","embeddable":true,"href":"https:\/\/lepartisan.fr\/index.php\/wp-json\/wp\/v2\/categories?post=21"},{"taxonomy":"post_tag","embeddable":true,"href":"https:\/\/lepartisan.fr\/index.php\/wp-json\/wp\/v2\/tags?post=21"}],"curies":[{"name":"wp","href":"https:\/\/api.w.org\/{rel}","templated":true}]}}