{"id":26,"date":"2024-05-07T11:48:34","date_gmt":"2024-05-07T09:48:34","guid":{"rendered":"https:\/\/lepartisan.fr\/index.php\/2024\/05\/07\/la-visite-de-xi-jinping-met-en-lumiere-les-contradictions-de-macron-avec-la-chine\/"},"modified":"2024-05-07T11:48:34","modified_gmt":"2024-05-07T09:48:34","slug":"la-visite-de-xi-jinping-met-en-lumiere-les-contradictions-de-macron-avec-la-chine","status":"publish","type":"post","link":"https:\/\/lepartisan.fr\/index.php\/2024\/05\/07\/la-visite-de-xi-jinping-met-en-lumiere-les-contradictions-de-macron-avec-la-chine\/","title":{"rendered":"La visite de Xi Jinping met en lumi\u00e8re les contradictions de Macron avec la Chine"},"content":{"rendered":"\n<p class=\"has-text-color\" style=\"color: rgb(0, 0, 0)\">La visite d&#039;\u00c9tat de deux jours du pr\u00e9sident chinois Xi Jinping en France, ce week-end, devait \u00eatre pour Emmanuel Macron l&#039;occasion de r\u00e9affirmer le leadership fran\u00e7ais en Europe sur les relations avec P\u00e9kin. Mais elle n&#039;a fait que souligner les contradictions d&#039;une strat\u00e9gie qui se veut un &quot;en m\u00eame temps&quot; encore plus p\u00e9rilleux que d&#039;ordinaire.<\/p>\n\n\n<p class=\"has-text-color\" style=\"color: rgb(0, 0, 0)\">Fermet\u00e9 affich\u00e9e sur certains dossiers, n\u00e9cessit\u00e9 de compromis sur d&#039;autres : telle est l&#039;\u00e9quation que tente de r\u00e9soudre le pr\u00e9sident fran\u00e7ais. Mais cette approche attentiste peine \u00e0 convaincre, entre les espoirs d\u00e9\u00e7us d&#039;infl\u00e9chir la position chinoise sur la guerre en Ukraine et les nouvelles tensions commerciales illustr\u00e9es par l&#039;enqu\u00eate antidumping visant les vins fran\u00e7ais .<\/p>\n\n\n<h2 class=\"wp-block-heading\">Un jeu d&#039;\u00e9quilibriste de plus en plus instable<\/h2>\n\n\n<p class=\"has-text-color\" style=\"color: rgb(0, 0, 0)\">D&#039;un c\u00f4t\u00e9, Macron affiche son alignement avec la politique europ\u00e9enne de &quot;r\u00e9duction des risques&quot; vis-\u00e0-vis de la Chine dont l&#039;activisme d\u00e9sormais ouvertement revendiqu\u00e9 comme &quot;rival syst\u00e9mique&quot; de l&#039;UE inqui\u00e8te. Il d\u00e9nonce avec Bruxelles les pratiques commerciales d\u00e9loyales chinoises et appelle \u00e0 &quot;un commerce qui nous profite&quot; dans un tir nourri contre P\u00e9kin mais aussi&#8230; Washington .<\/p>\n\n\n<p class=\"has-text-color\" style=\"color: rgb(0, 0, 0)\">Mais dans le m\u00eame temps, le chef de l&#039;\u00c9tat continue de consid\u00e9rer la Chine comme &quot;un partenaire&quot;, voire &quot;une locomotive&quot; sur certains d\u00e9fis globaux . Il alterne ainsi les marques de fermet\u00e9 et les gestes d&#039;ouverture, comme cette visite au col du Tourmalet pour renouer un dialogue apais\u00e9 avec Xi .<\/p>\n\n\n<p class=\"has-text-color\" style=\"color: rgb(0, 0, 0)\">Dans un savant dosage, l&#039;\u00c9lys\u00e9e parie sur &quot;la densit\u00e9 et la singularit\u00e9&quot; du bilat\u00e9ral franco-chinois pour peser sur des sujets br\u00fblants comme l&#039;Ukraine. Mais cette cartouche semble d\u00e9j\u00e0 \u00e0 moiti\u00e9 br\u00fbl\u00e9e quand on voit la fin de non-recevoir oppos\u00e9e par P\u00e9kin aux demandes r\u00e9p\u00e9t\u00e9es d&#039;user de son influence aupr\u00e8s de Moscou .<\/p>\n\n\n<p class=\"has-text-color\" style=\"color: rgb(0, 0, 0)\">Derri\u00e8re les c\u00e9l\u00e9brations des 60 ans de l&#039;\u00e9tablissement des relations diplomatiques le chef de l&#039;\u00c9tat fran\u00e7ais esp\u00e8re in fine que Xi Jinping sortira de &quot;sa neutralit\u00e9 bienveillante&quot; voire acceptera des repr\u00e9sailles contre certains groupes industriels chinois . Un pari pour le moins hasardeux compte tenu de la strat\u00e9gie clairement affich\u00e9e par P\u00e9kin.<\/p>\n\n\n<h2 class=\"wp-block-heading\">Un alignement pr\u00e9cipit\u00e9 sur la strat\u00e9gie am\u00e9ricaine ?<\/h2>\n\n\n<p class=\"has-text-color\" style=\"color: rgb(0, 0, 0)\">Pour l&#039;heure, la partie chinoise semble bien d\u00e9cid\u00e9e \u00e0 ne pas se laisser dicter sa conduite par les Occidentaux. Sa visite \u00e0 contre-courant en Serbie et Hongrie au c\u0153ur de l&#039;Europe, illustre sa volont\u00e9 de diviser les Europ\u00e9ens plut\u00f4t que de c\u00e9der aux injonctions.<\/p>\n\n\n<p class=\"has-text-color\" style=\"color: rgb(0, 0, 0)\">Ce refus de choisir un camp se traduit aussi sur le plan \u00e9conomique. P\u00e9kin entend bien asseoir sa puissance industrielle en d\u00e9veloppant ses propres champions nationaux, quitte \u00e0 inonder les march\u00e9s occidentaux de produits \u00e0 bas co\u00fbt, financ\u00e9s par des subventions publiques .<\/p>\n\n\n<p class=\"has-text-color\" style=\"color: rgb(0, 0, 0)\">Ce constat amer tranche avec les multiples accords commerciaux engrang\u00e9s par Macron l&#039;an dernier dont les r\u00e9els b\u00e9n\u00e9fices pour la France commencent \u00e0 \u00eatre remis en cause, comme l&#039;illustre l&#039;\u00e9pineux dossier des importations de vins .<\/p>\n\n\n<p class=\"has-text-color\" style=\"color: rgb(0, 0, 0)\">Dans ce contexte d\u00e9licat, l&#039;objectif de &quot;r\u00e9duire les d\u00e9pendances&quot; pr\u00f4n\u00e9 par Bruxelles para\u00eet s&#039;imposer comme la seule option cr\u00e9dible. Une approche d&#039;ailleurs \u00e9galement d\u00e9fendue par Washington dans sa strat\u00e9gie de &quot;d\u00e9couplage&quot; avec P\u00e9kin .<\/p>\n\n\n<p class=\"has-text-color\" style=\"color: rgb(0, 0, 0)\">Mais en s&#039;alignant sur ce front, Macron prend le risque de froisser la Chine, qui pourrait y voir une remise en cause du &quot;partenariat d&#039;\u00e9gal \u00e0 \u00e9gal&quot; tant revendiqu\u00e9 par la France . Un choix corn\u00e9lien qui pourrait compromettre les espoirs fran\u00e7ais d&#039;exercer une influence dans ce bras de fer sino-am\u00e9ricain.<\/p>\n\n\n<h2 class=\"wp-block-heading\">Le pi\u00e8ge de la &quot;neutralit\u00e9&quot;<\/h2>\n\n\n<p class=\"has-text-color\" style=\"color: rgb(0, 0, 0)\">Au final, malgr\u00e9 tous ses efforts de s\u00e9duction, le pr\u00e9sident fran\u00e7ais semble bien en peine d&#039;infl\u00e9chir r\u00e9ellement la position de Xi Jinping sur les sujets qui f\u00e2chent. Et pour cause : le dossier ukrainien est loin d&#039;\u00eatre la &quot;menace existentielle&quot; prioritaire pour P\u00e9kin qu&#039;il repr\u00e9sente pour les Europ\u00e9ens.<\/p>\n\n\n<p class=\"has-text-color\" style=\"color: rgb(0, 0, 0)\">De m\u00eame, derri\u00e8re la rh\u00e9torique sur la d\u00e9fense du multilat\u00e9ralisme et de &quot;la gouvernance mondiale&quot; la Chine poursuit avant tout ses propres int\u00e9r\u00eats nationaux. Xi Jinping n&#039;h\u00e9sitera pas \u00e0 faire cavalier seul, quitte \u00e0 contredire ses &quot;partenaires&quot; occidentaux, comme le montre son refus de condamner l&#039;invasion russe.<\/p>\n\n\n<p class=\"has-text-color\" style=\"color: rgb(0, 0, 0)\">Dans ce bras de fer sans pr\u00e9c\u00e9dent, la strat\u00e9gie du &quot;ni ni&quot; pr\u00f4n\u00e9e par Macron, qui se refuse \u00e0 choisir entre les \u00c9tats-Unis et la Chine pourrait bien se r\u00e9v\u00e9ler un pi\u00e8ge. En voulant m\u00e9nager la ch\u00e8vre et le chou, le pr\u00e9sident fran\u00e7ais court le risque de s&#039;ali\u00e9ner les deux camps, minant au passage la cr\u00e9dibilit\u00e9 de l&#039;Europe.<\/p>\n\n\n<p class=\"has-text-color\" style=\"color: rgb(0, 0, 0)\">Une chose est s\u00fbre : l&#039;exercice d&#039;\u00e9quilibriste tent\u00e9 par Paris sur le dossier chinois touche \u00e0 ses limites. L&#039;\u00e8re de la &quot;neutralit\u00e9&quot; qu&#039;esp\u00e9rait encore Macron semble r\u00e9volue. Il lui faudra t\u00f4t ou tard clarifier ses priorit\u00e9s : faire plier P\u00e9kin sur les sujets qui menacent nos int\u00e9r\u00eats fondamentaux, au risque de torpiller &quot;l&#039;exceptionnelle relation&quot; franco-chinoise. Ou bien au contraire privil\u00e9gier le statu quo \u00e9conomique, pour ne pas fragiliser une indispensable &quot;locomotive&quot; dont les Europ\u00e9ens demeurent d\u00e9pendants.<\/p>\n\n\n<p class=\"has-text-color\" style=\"color: rgb(0, 0, 0)\">Dans cette \u00e9quation \u00e0 plusieurs inconnues, le chef de l&#039;\u00c9tat devra faire des choix corn\u00e9liens. Car poursuivre ind\u00e9finiment son insaisissable &quot;en m\u00eame temps&quot; manquerait, \u00e0 terme, de cr\u00e9dibilit\u00e9. Une clarification de la ligne fran\u00e7aise deviendra t\u00f4t ou tard indispensable face au d\u00e9fi impos\u00e9 par l&#039;inexorable mont\u00e9e en puissance de la Chine de Xi.<\/p>\n\n","protected":false},"excerpt":{"rendered":"<p>La visite d&#039;\u00c9tat de deux jours du pr\u00e9sident chinois Xi Jinping en France, ce week-end, devait \u00eatre pour Emmanuel Macron l&#039;occasion de r\u00e9affirmer le leadership fran\u00e7ais en Europe sur les relations avec P\u00e9kin. Mais elle n&#039;a fait que souligner les contradictions d&#039;une strat\u00e9gie qui se veut un &quot;en m\u00eame temps&quot; encore plus p\u00e9rilleux que d&#039;ordinaire. [&hellip;]<\/p>\n","protected":false},"author":1,"featured_media":0,"comment_status":"open","ping_status":"open","sticky":false,"template":"","format":"standard","meta":{"_et_pb_use_builder":"","_et_pb_old_content":"","_et_gb_content_width":"","footnotes":""},"categories":[1],"tags":[],"class_list":["post-26","post","type-post","status-publish","format-standard","hentry","category-non-classe","et-doesnt-have-format-content","et_post_format-et-post-format-standard"],"_links":{"self":[{"href":"https:\/\/lepartisan.fr\/index.php\/wp-json\/wp\/v2\/posts\/26","targetHints":{"allow":["GET"]}}],"collection":[{"href":"https:\/\/lepartisan.fr\/index.php\/wp-json\/wp\/v2\/posts"}],"about":[{"href":"https:\/\/lepartisan.fr\/index.php\/wp-json\/wp\/v2\/types\/post"}],"author":[{"embeddable":true,"href":"https:\/\/lepartisan.fr\/index.php\/wp-json\/wp\/v2\/users\/1"}],"replies":[{"embeddable":true,"href":"https:\/\/lepartisan.fr\/index.php\/wp-json\/wp\/v2\/comments?post=26"}],"version-history":[{"count":0,"href":"https:\/\/lepartisan.fr\/index.php\/wp-json\/wp\/v2\/posts\/26\/revisions"}],"wp:attachment":[{"href":"https:\/\/lepartisan.fr\/index.php\/wp-json\/wp\/v2\/media?parent=26"}],"wp:term":[{"taxonomy":"category","embeddable":true,"href":"https:\/\/lepartisan.fr\/index.php\/wp-json\/wp\/v2\/categories?post=26"},{"taxonomy":"post_tag","embeddable":true,"href":"https:\/\/lepartisan.fr\/index.php\/wp-json\/wp\/v2\/tags?post=26"}],"curies":[{"name":"wp","href":"https:\/\/api.w.org\/{rel}","templated":true}]}}