{"id":27,"date":"2024-05-07T11:48:35","date_gmt":"2024-05-07T09:48:35","guid":{"rendered":"https:\/\/lepartisan.fr\/index.php\/2024\/05\/07\/70-ans-de-dien-bien-phu-la-defaite-qui-scella-la-fin-de-lempire-colonial-francais\/"},"modified":"2024-05-07T11:48:35","modified_gmt":"2024-05-07T09:48:35","slug":"70-ans-de-dien-bien-phu-la-defaite-qui-scella-la-fin-de-lempire-colonial-francais","status":"publish","type":"post","link":"https:\/\/lepartisan.fr\/index.php\/2024\/05\/07\/70-ans-de-dien-bien-phu-la-defaite-qui-scella-la-fin-de-lempire-colonial-francais\/","title":{"rendered":"70 ans de Dien Bien Phu : la d\u00e9faite qui scella la fin de l&#8217;empire colonial fran\u00e7ais"},"content":{"rendered":"\n<p class=\"has-text-color\" style=\"color: rgb(0, 0, 0)\">Ce 7 mai marque une date ind\u00e9l\u00e9bile dans l&#039;histoire de la d\u00e9colonisation. Il y a 70 ans, la capitulation de l&#039;arm\u00e9e fran\u00e7aise face aux forces ind\u00e9pendantistes du Vietminh \u00e0 Dien Bien Phu scellait l&#039;arr\u00eat de mort de la pr\u00e9sence fran\u00e7aise en Indochine. Cet \u00e9pisode sanglant, qui aurait fait pr\u00e8s d&#039;un million de morts reste grav\u00e9 dans les m\u00e9moires comme le signe de l&#039;\u00e9puisement d&#039;un colonialisme d\u00e9cadent et pr\u00e9dateur.<\/p>\n\n\n<p class=\"has-text-color\" style=\"color: rgb(0, 0, 0)\">Ironie de l&#039;histoire, c&#039;est dans la liesse populaire que le Vietnam communiste a c\u00e9l\u00e9br\u00e9 cet anniversaire accueillant m\u00eame une d\u00e9l\u00e9gation fran\u00e7aise pour la premi\u00e8re fois. Une mani\u00e8re de marquer la &quot;r\u00e9conciliation&quot; selon les autorit\u00e9s vietnamiennes, tout en r\u00e9affirmant l&#039;aura du &quot;Vieux&quot; Ho Chi Minh et du l\u00e9gendaire g\u00e9neral Giap.<\/p>\n\n\n<p class=\"has-text-color\" style=\"color: rgb(0, 0, 0)\">Mais au-del\u00e0 des fastes orchestr\u00e9s, cette comm\u00e9moration doit nous interroger sur l&#039;h\u00e9ritage durable de la guerre d&#039;Indochine et du syst\u00e8me colonial qu&#039;elle visait \u00e0 perp\u00e9tuer. Une plong\u00e9e dans les m\u00e9andres d&#039;un pass\u00e9 douloureux, que certains se refusent encore \u00e0 regarder en face.<\/p>\n\n\n<h2 class=\"wp-block-heading\">Un colonialisme sanguinaire et pillard<\/h2>\n\n\n<p class=\"has-text-color\" style=\"color: rgb(0, 0, 0)\">La d\u00e9termination des ind\u00e9pendantistes vi\u00eatnamiens \u00e0 Dien Bien Phu venait parachever huit ann\u00e9es d&#039;une guerre atroce, men\u00e9e par la France pour maintenir sa tutelle sur ses colonies . Une obstination aveugle dans la violence coloniale, d\u00e9j\u00e0 \u00e0 l&#039;\u0153uvre un si\u00e8cle plus t\u00f4t lors de la conqu\u00eate initiale.<\/p>\n\n\n<p class=\"has-text-color\" style=\"color: rgb(0, 0, 0)\">Ce refus de l&#039;\u00e9mancipation des peuples colonis\u00e9s refl\u00e9tait la v\u00e9ritable nature du projet colonial fran\u00e7ais en Indochine comme ailleurs : un pillage \u00e9hont\u00e9 des richesses locales pour assouvir les app\u00e9tits de la bourgeoisie capitaliste hexagonale. Une illustration criante du lien indissociable entre imp\u00e9rialisme colonial et expansion du capitalisme pr\u00e9dateur.<\/p>\n\n\n<p class=\"has-text-color\" style=\"color: rgb(0, 0, 0)\">La bataille de Dien Bien Phu r\u00e9sonne d&#039;autant plus qu&#039;elle imposa une humiliante d\u00e9faite \u00e0 une arm\u00e9e parmi les mieux \u00e9quip\u00e9es. Une sup\u00e9riorit\u00e9 militaire r\u00e9duite \u00e0 n\u00e9ant par la t\u00e9nacit\u00e9 de la gu\u00e9rilla Vietminh, qui compensait son d\u00e9nuement par la justesse de sa cause \u00e9mancipatrice.<\/p>\n\n\n<h2 class=\"wp-block-heading\">Une d\u00e9faite aux lourdes cons\u00e9quences<\/h2>\n\n\n<p class=\"has-text-color\" style=\"color: rgb(0, 0, 0)\">Loin de repr\u00e9senter un simple revers militaire, la chute de Dien Bien Phu marqua \u00e9galement un tournant d\u00e9cisif sur la sc\u00e8ne internationale. Elle galvanisa les mouvements anti-coloniaux dans tout le Sud, ouvrant la voie \u00e0 d&#039;autres luttes victorieuses comme en Alg\u00e9rie.<\/p>\n\n\n<p class=\"has-text-color\" style=\"color: rgb(0, 0, 0)\">Dans l&#039;Hexagone, le choc fut rude pour l&#039;arm\u00e9e et la classe politique, forc\u00e9es d&#039;admettre la faillite du syst\u00e8me colonial. Si les interventions militaires ont fait ralentir le processus, l&#039;ind\u00e9pendance devenait in\u00e9luctable pour ces territoires jadis assujettis.<\/p>\n\n\n<p class=\"has-text-color\" style=\"color: rgb(0, 0, 0)\">Las, certains r\u00e9visionnistes s&#039;obstinent encore \u00e0 nier les r\u00e9alit\u00e9s du colonialisme, vantant son soi-disant &quot;apport civilisateur&quot;. La comm\u00e9moration de Dien Bien Phu doit sonner comme un avertissement contre cette n\u00e9gation coupable d&#039;un pass\u00e9 indigne. Et c\u00e9l\u00e9brer, par-del\u00e0 la d\u00e9faite militaire, la victoire de l&#039;\u00e9mancipation sur l&#039;oppression coloniale.<\/p>\n\n\n<p class=\"has-text-color\" style=\"color: rgb(0, 0, 0)\">70 ans plus tard, il nous revient de tirer les le\u00e7ons de cet \u00e9pisode douloureux. De rejeter une fois pour toutes le mirage raciste et x\u00e9nophobe du &quot;fardeau de l&#039;homme blanc&quot;. Et d&#039;embrasser d\u00e9finitivement la voie d&#039;un monde d\u00e9barrass\u00e9 des relents naus\u00e9abonds du colonialisme, pour s&#039;ouvrir aux solidarit\u00e9s \u00e0 venir entre les peuples libres.<\/p>\n\n","protected":false},"excerpt":{"rendered":"<p>Ce 7 mai marque une date ind\u00e9l\u00e9bile dans l&#039;histoire de la d\u00e9colonisation. Il y a 70 ans, la capitulation de l&#039;arm\u00e9e fran\u00e7aise face aux forces ind\u00e9pendantistes du Vietminh \u00e0 Dien Bien Phu scellait l&#039;arr\u00eat de mort de la pr\u00e9sence fran\u00e7aise en Indochine. Cet \u00e9pisode sanglant, qui aurait fait pr\u00e8s d&#039;un million de morts reste grav\u00e9 [&hellip;]<\/p>\n","protected":false},"author":1,"featured_media":0,"comment_status":"open","ping_status":"open","sticky":false,"template":"","format":"standard","meta":{"_et_pb_use_builder":"","_et_pb_old_content":"","_et_gb_content_width":"","footnotes":""},"categories":[1],"tags":[],"class_list":["post-27","post","type-post","status-publish","format-standard","hentry","category-non-classe","et-doesnt-have-format-content","et_post_format-et-post-format-standard"],"_links":{"self":[{"href":"https:\/\/lepartisan.fr\/index.php\/wp-json\/wp\/v2\/posts\/27","targetHints":{"allow":["GET"]}}],"collection":[{"href":"https:\/\/lepartisan.fr\/index.php\/wp-json\/wp\/v2\/posts"}],"about":[{"href":"https:\/\/lepartisan.fr\/index.php\/wp-json\/wp\/v2\/types\/post"}],"author":[{"embeddable":true,"href":"https:\/\/lepartisan.fr\/index.php\/wp-json\/wp\/v2\/users\/1"}],"replies":[{"embeddable":true,"href":"https:\/\/lepartisan.fr\/index.php\/wp-json\/wp\/v2\/comments?post=27"}],"version-history":[{"count":0,"href":"https:\/\/lepartisan.fr\/index.php\/wp-json\/wp\/v2\/posts\/27\/revisions"}],"wp:attachment":[{"href":"https:\/\/lepartisan.fr\/index.php\/wp-json\/wp\/v2\/media?parent=27"}],"wp:term":[{"taxonomy":"category","embeddable":true,"href":"https:\/\/lepartisan.fr\/index.php\/wp-json\/wp\/v2\/categories?post=27"},{"taxonomy":"post_tag","embeddable":true,"href":"https:\/\/lepartisan.fr\/index.php\/wp-json\/wp\/v2\/tags?post=27"}],"curies":[{"name":"wp","href":"https:\/\/api.w.org\/{rel}","templated":true}]}}